{"id":762,"date":"2015-12-11T11:59:33","date_gmt":"2015-12-11T10:59:33","guid":{"rendered":"http:\/\/www.edizioniterramarique.com\/?p=762"},"modified":"2015-12-11T12:02:04","modified_gmt":"2015-12-11T11:02:04","slug":"762-2","status":"publish","type":"post","link":"https:\/\/www.edizioniterramarique.com\/en\/762-2\/","title":{"rendered":"IL VILLAGGIO DEI CUORI RITROVATI"},"content":{"rendered":"<p>Il <strong>Villaggio dei cuori ritrovati<\/strong><br \/>\nUn luogo di armonia e fratellanza.<br \/>\n\u00c8 l\u00ec che giunge il protagonista della storia, dopo un meraviglioso viaggio al di l\u00e0 del tempo e dello spazio, in compagnia di una creatura speciale.<\/p>\n<p>Un libro delicato e commuovente,<br \/>\nuna storia per grandi e bambini.<br \/>\nLe parole di <strong>Chiara Manzini<\/strong> sono accompagnate<br \/>\nriga dopo riga<br \/>\npagina dopo pagina<br \/>\ndalle splendide illustrazioni di <strong>Clelia Colombini<\/strong>.<\/p>\n<p>Una o pi\u00f9 copie sono prenotabili via mail<br \/>\nall&#8217;indirizzo robertarossi.tm@gmail.com<br \/>\nSpecificare numero dei volumi richiesti e l&#8217;indirizzo di spedizione.<br \/>\nSar\u00e0 indicata la spesa totale e l&#8217;iban per il bonifico.<\/p>\n<p>Grazie per l&#8217;attenzione.<br \/>\n<strong>La redazione di Edizioni Terra marique<\/strong><\/p>\n<p>&nbsp;<\/p>","protected":false},"excerpt":{"rendered":"<p>di Chiara Manzini e Clelia Colombini<br \/>\nCollana Terra rosa<br \/>\n\u20ac 13,00<br \/>\nISBN 9788897712336<\/p>","protected":false},"author":1,"featured_media":763,"comment_status":"closed","ping_status":"open","sticky":false,"template":"","format":"image","meta":{"footnotes":""},"categories":[2],"tags":[],"class_list":["post-762","post","type-post","status-publish","format-image","has-post-thumbnail","hentry","category-pubblicazioni-edizioni-terra-marique","post_format-post-format-image"],"yoast_head":"<!-- This site is optimized with the Yoast SEO plugin v26.9 - https:\/\/yoast.com\/product\/yoast-seo-wordpress\/ -->\n<title>IL VILLAGGIO DEI CUORI RITROVATI &#8226; Edizioni Terra marique<\/title>\n<meta name=\"robots\" content=\"index, follow, max-snippet:-1, max-image-preview:large, max-video-preview:-1\" \/>\n<link rel=\"canonical\" href=\"https:\/\/www.edizioniterramarique.com\/en\/762-2\/\" \/>\n<meta property=\"og:locale\" content=\"en_GB\" \/>\n<meta property=\"og:type\" content=\"article\" \/>\n<meta property=\"og:title\" content=\"IL VILLAGGIO DEI CUORI RITROVATI &#8226; Edizioni Terra marique\" \/>\n<meta property=\"og:description\" content=\"di Chiara Manzini e Clelia Colombini Collana Terra rosa  \u20ac 13,00 ISBN 9788897712336\" \/>\n<meta property=\"og:url\" content=\"https:\/\/www.edizioniterramarique.com\/en\/762-2\/\" \/>\n<meta property=\"og:site_name\" content=\"Edizioni Terra marique\" \/>\n<meta property=\"article:published_time\" content=\"2015-12-11T10:59:33+00:00\" \/>\n<meta property=\"article:modified_time\" content=\"2015-12-11T11:02:04+00:00\" \/>\n<meta property=\"og:image\" content=\"https:\/\/www.edizioniterramarique.com\/wp-content\/uploads\/2015\/12\/villaggio-cuori-ritrovati-COP-PER-SITO.jpg\" \/>\n\t<meta property=\"og:image:width\" content=\"767\" \/>\n\t<meta property=\"og:image:height\" content=\"595\" \/>\n\t<meta property=\"og:image:type\" content=\"image\/jpeg\" \/>\n<meta name=\"author\" content=\"terramarique\" \/>\n<meta name=\"twitter:label1\" content=\"Written by\" \/>\n\t<meta name=\"twitter:data1\" content=\"terramarique\" \/>\n\t<meta name=\"twitter:label2\" content=\"Estimated reading time\" \/>\n\t<meta name=\"twitter:data2\" content=\"1 minute\" \/>\n<script type=\"application\/ld+json\" class=\"yoast-schema-graph\">{\"@context\":\"https:\/\/schema.org\",\"@graph\":[{\"@type\":\"Article\",\"@id\":\"https:\/\/www.edizioniterramarique.com\/762-2\/#article\",\"isPartOf\":{\"@id\":\"https:\/\/www.edizioniterramarique.com\/762-2\/\"},\"author\":{\"name\":\"terramarique\",\"@id\":\"https:\/\/www.edizioniterramarique.com\/#\/schema\/person\/23151b760764010bb591159120de3824\"},\"headline\":\"IL VILLAGGIO DEI CUORI RITROVATI\",\"datePublished\":\"2015-12-11T10:59:33+00:00\",\"dateModified\":\"2015-12-11T11:02:04+00:00\",\"mainEntityOfPage\":{\"@id\":\"https:\/\/www.edizioniterramarique.com\/762-2\/\"},\"wordCount\":117,\"publisher\":{\"@id\":\"https:\/\/www.edizioniterramarique.com\/#organization\"},\"image\":{\"@id\":\"https:\/\/www.edizioniterramarique.com\/762-2\/#primaryimage\"},\"thumbnailUrl\":\"https:\/\/www.edizioniterramarique.com\/wp-content\/uploads\/2015\/12\/villaggio-cuori-ritrovati-COP-PER-SITO.jpg\",\"articleSection\":[\"Libri pubblicati da Edizioni Terra marique\"],\"inLanguage\":\"en-GB\"},{\"@type\":\"WebPage\",\"@id\":\"https:\/\/www.edizioniterramarique.com\/762-2\/\",\"url\":\"https:\/\/www.edizioniterramarique.com\/762-2\/\",\"name\":\"IL VILLAGGIO DEI CUORI RITROVATI &#8226; Edizioni Terra marique\",\"isPartOf\":{\"@id\":\"https:\/\/www.edizioniterramarique.com\/#website\"},\"primaryImageOfPage\":{\"@id\":\"https:\/\/www.edizioniterramarique.com\/762-2\/#primaryimage\"},\"image\":{\"@id\":\"https:\/\/www.edizioniterramarique.com\/762-2\/#primaryimage\"},\"thumbnailUrl\":\"https:\/\/www.edizioniterramarique.com\/wp-content\/uploads\/2015\/12\/villaggio-cuori-ritrovati-COP-PER-SITO.jpg\",\"datePublished\":\"2015-12-11T10:59:33+00:00\",\"dateModified\":\"2015-12-11T11:02:04+00:00\",\"breadcrumb\":{\"@id\":\"https:\/\/www.edizioniterramarique.com\/762-2\/#breadcrumb\"},\"inLanguage\":\"en-GB\",\"potentialAction\":[{\"@type\":\"ReadAction\",\"target\":[\"https:\/\/www.edizioniterramarique.com\/762-2\/\"]}]},{\"@type\":\"ImageObject\",\"inLanguage\":\"en-GB\",\"@id\":\"https:\/\/www.edizioniterramarique.com\/762-2\/#primaryimage\",\"url\":\"https:\/\/www.edizioniterramarique.com\/wp-content\/uploads\/2015\/12\/villaggio-cuori-ritrovati-COP-PER-SITO.jpg\",\"contentUrl\":\"https:\/\/www.edizioniterramarique.com\/wp-content\/uploads\/2015\/12\/villaggio-cuori-ritrovati-COP-PER-SITO.jpg\",\"width\":767,\"height\":595},{\"@type\":\"BreadcrumbList\",\"@id\":\"https:\/\/www.edizioniterramarique.com\/762-2\/#breadcrumb\",\"itemListElement\":[{\"@type\":\"ListItem\",\"position\":1,\"name\":\"Home\",\"item\":\"https:\/\/www.edizioniterramarique.com\/\"},{\"@type\":\"ListItem\",\"position\":2,\"name\":\"IL VILLAGGIO DEI CUORI RITROVATI\"}]},{\"@type\":\"WebSite\",\"@id\":\"https:\/\/www.edizioniterramarique.com\/#website\",\"url\":\"https:\/\/www.edizioniterramarique.com\/\",\"name\":\"Edizioni Terra marique\",\"description\":\"Edizioni Terra marique\",\"publisher\":{\"@id\":\"https:\/\/www.edizioniterramarique.com\/#organization\"},\"potentialAction\":[{\"@type\":\"SearchAction\",\"target\":{\"@type\":\"EntryPoint\",\"urlTemplate\":\"https:\/\/www.edizioniterramarique.com\/?s={search_term_string}\"},\"query-input\":{\"@type\":\"PropertyValueSpecification\",\"valueRequired\":true,\"valueName\":\"search_term_string\"}}],\"inLanguage\":\"en-GB\"},{\"@type\":\"Organization\",\"@id\":\"https:\/\/www.edizioniterramarique.com\/#organization\",\"name\":\"Edizioni Terra marique\",\"url\":\"https:\/\/www.edizioniterramarique.com\/\",\"logo\":{\"@type\":\"ImageObject\",\"inLanguage\":\"en-GB\",\"@id\":\"https:\/\/www.edizioniterramarique.com\/#\/schema\/logo\/image\/\",\"url\":\"https:\/\/www.edizioniterramarique.com\/wp-content\/uploads\/2014\/02\/logo_web1.jpg\",\"contentUrl\":\"https:\/\/www.edizioniterramarique.com\/wp-content\/uploads\/2014\/02\/logo_web1.jpg\",\"width\":200,\"height\":109,\"caption\":\"Edizioni Terra marique\"},\"image\":{\"@id\":\"https:\/\/www.edizioniterramarique.com\/#\/schema\/logo\/image\/\"}},{\"@type\":\"Person\",\"@id\":\"https:\/\/www.edizioniterramarique.com\/#\/schema\/person\/23151b760764010bb591159120de3824\",\"name\":\"terramarique\",\"url\":\"https:\/\/www.edizioniterramarique.com\/en\/author\/terramarique\/\"}]}<\/script>\n<!-- \/ Yoast SEO plugin. -->","yoast_head_json":{"title":"IL VILLAGGIO DEI CUORI RITROVATI &#8226; Edizioni Terra marique","robots":{"index":"index","follow":"follow","max-snippet":"max-snippet:-1","max-image-preview":"max-image-preview:large","max-video-preview":"max-video-preview:-1"},"canonical":"https:\/\/www.edizioniterramarique.com\/en\/762-2\/","og_locale":"en_GB","og_type":"article","og_title":"IL VILLAGGIO DEI CUORI RITROVATI &#8226; Edizioni Terra marique","og_description":"di Chiara Manzini e Clelia Colombini Collana Terra rosa  \u20ac 13,00 ISBN 9788897712336","og_url":"https:\/\/www.edizioniterramarique.com\/en\/762-2\/","og_site_name":"Edizioni Terra marique","article_published_time":"2015-12-11T10:59:33+00:00","article_modified_time":"2015-12-11T11:02:04+00:00","og_image":[{"width":767,"height":595,"url":"https:\/\/www.edizioniterramarique.com\/wp-content\/uploads\/2015\/12\/villaggio-cuori-ritrovati-COP-PER-SITO.jpg","type":"image\/jpeg"}],"author":"terramarique","twitter_misc":{"Written by":"terramarique","Estimated reading time":"1 minute"},"schema":{"@context":"https:\/\/schema.org","@graph":[{"@type":"Article","@id":"https:\/\/www.edizioniterramarique.com\/762-2\/#article","isPartOf":{"@id":"https:\/\/www.edizioniterramarique.com\/762-2\/"},"author":{"name":"terramarique","@id":"https:\/\/www.edizioniterramarique.com\/#\/schema\/person\/23151b760764010bb591159120de3824"},"headline":"IL VILLAGGIO DEI CUORI RITROVATI","datePublished":"2015-12-11T10:59:33+00:00","dateModified":"2015-12-11T11:02:04+00:00","mainEntityOfPage":{"@id":"https:\/\/www.edizioniterramarique.com\/762-2\/"},"wordCount":117,"publisher":{"@id":"https:\/\/www.edizioniterramarique.com\/#organization"},"image":{"@id":"https:\/\/www.edizioniterramarique.com\/762-2\/#primaryimage"},"thumbnailUrl":"https:\/\/www.edizioniterramarique.com\/wp-content\/uploads\/2015\/12\/villaggio-cuori-ritrovati-COP-PER-SITO.jpg","articleSection":["Libri pubblicati da Edizioni Terra marique"],"inLanguage":"en-GB"},{"@type":"WebPage","@id":"https:\/\/www.edizioniterramarique.com\/762-2\/","url":"https:\/\/www.edizioniterramarique.com\/762-2\/","name":"IL VILLAGGIO DEI CUORI RITROVATI &#8226; Edizioni Terra marique","isPartOf":{"@id":"https:\/\/www.edizioniterramarique.com\/#website"},"primaryImageOfPage":{"@id":"https:\/\/www.edizioniterramarique.com\/762-2\/#primaryimage"},"image":{"@id":"https:\/\/www.edizioniterramarique.com\/762-2\/#primaryimage"},"thumbnailUrl":"https:\/\/www.edizioniterramarique.com\/wp-content\/uploads\/2015\/12\/villaggio-cuori-ritrovati-COP-PER-SITO.jpg","datePublished":"2015-12-11T10:59:33+00:00","dateModified":"2015-12-11T11:02:04+00:00","breadcrumb":{"@id":"https:\/\/www.edizioniterramarique.com\/762-2\/#breadcrumb"},"inLanguage":"en-GB","potentialAction":[{"@type":"ReadAction","target":["https:\/\/www.edizioniterramarique.com\/762-2\/"]}]},{"@type":"ImageObject","inLanguage":"en-GB","@id":"https:\/\/www.edizioniterramarique.com\/762-2\/#primaryimage","url":"https:\/\/www.edizioniterramarique.com\/wp-content\/uploads\/2015\/12\/villaggio-cuori-ritrovati-COP-PER-SITO.jpg","contentUrl":"https:\/\/www.edizioniterramarique.com\/wp-content\/uploads\/2015\/12\/villaggio-cuori-ritrovati-COP-PER-SITO.jpg","width":767,"height":595},{"@type":"BreadcrumbList","@id":"https:\/\/www.edizioniterramarique.com\/762-2\/#breadcrumb","itemListElement":[{"@type":"ListItem","position":1,"name":"Home","item":"https:\/\/www.edizioniterramarique.com\/"},{"@type":"ListItem","position":2,"name":"IL VILLAGGIO DEI CUORI RITROVATI"}]},{"@type":"WebSite","@id":"https:\/\/www.edizioniterramarique.com\/#website","url":"https:\/\/www.edizioniterramarique.com\/","name":"Edizioni Terra marique","description":"Edizioni Terra marique","publisher":{"@id":"https:\/\/www.edizioniterramarique.com\/#organization"},"potentialAction":[{"@type":"SearchAction","target":{"@type":"EntryPoint","urlTemplate":"https:\/\/www.edizioniterramarique.com\/?s={search_term_string}"},"query-input":{"@type":"PropertyValueSpecification","valueRequired":true,"valueName":"search_term_string"}}],"inLanguage":"en-GB"},{"@type":"Organization","@id":"https:\/\/www.edizioniterramarique.com\/#organization","name":"Edizioni Terra marique","url":"https:\/\/www.edizioniterramarique.com\/","logo":{"@type":"ImageObject","inLanguage":"en-GB","@id":"https:\/\/www.edizioniterramarique.com\/#\/schema\/logo\/image\/","url":"https:\/\/www.edizioniterramarique.com\/wp-content\/uploads\/2014\/02\/logo_web1.jpg","contentUrl":"https:\/\/www.edizioniterramarique.com\/wp-content\/uploads\/2014\/02\/logo_web1.jpg","width":200,"height":109,"caption":"Edizioni Terra marique"},"image":{"@id":"https:\/\/www.edizioniterramarique.com\/#\/schema\/logo\/image\/"}},{"@type":"Person","@id":"https:\/\/www.edizioniterramarique.com\/#\/schema\/person\/23151b760764010bb591159120de3824","name":"terramarique","url":"https:\/\/www.edizioniterramarique.com\/en\/author\/terramarique\/"}]}},"_links":{"self":[{"href":"https:\/\/www.edizioniterramarique.com\/en\/wp-json\/wp\/v2\/posts\/762","targetHints":{"allow":["GET"]}}],"collection":[{"href":"https:\/\/www.edizioniterramarique.com\/en\/wp-json\/wp\/v2\/posts"}],"about":[{"href":"https:\/\/www.edizioniterramarique.com\/en\/wp-json\/wp\/v2\/types\/post"}],"author":[{"embeddable":true,"href":"https:\/\/www.edizioniterramarique.com\/en\/wp-json\/wp\/v2\/users\/1"}],"replies":[{"embeddable":true,"href":"https:\/\/www.edizioniterramarique.com\/en\/wp-json\/wp\/v2\/comments?post=762"}],"version-history":[{"count":3,"href":"https:\/\/www.edizioniterramarique.com\/en\/wp-json\/wp\/v2\/posts\/762\/revisions"}],"predecessor-version":[{"id":767,"href":"https:\/\/www.edizioniterramarique.com\/en\/wp-json\/wp\/v2\/posts\/762\/revisions\/767"}],"wp:featuredmedia":[{"embeddable":true,"href":"https:\/\/www.edizioniterramarique.com\/en\/wp-json\/wp\/v2\/media\/763"}],"wp:attachment":[{"href":"https:\/\/www.edizioniterramarique.com\/en\/wp-json\/wp\/v2\/media?parent=762"}],"wp:term":[{"taxonomy":"category","embeddable":true,"href":"https:\/\/www.edizioniterramarique.com\/en\/wp-json\/wp\/v2\/categories?post=762"},{"taxonomy":"post_tag","embeddable":true,"href":"https:\/\/www.edizioniterramarique.com\/en\/wp-json\/wp\/v2\/tags?post=762"}],"curies":[{"name":"wp","href":"https:\/\/api.w.org\/{rel}","templated":true}]}}