{"id":3630,"date":"2021-04-06T19:15:33","date_gmt":"2021-04-06T17:15:33","guid":{"rendered":"https:\/\/www.edizioniterramarique.com\/?p=3630"},"modified":"2021-04-06T19:15:33","modified_gmt":"2021-04-06T17:15:33","slug":"luce","status":"publish","type":"post","link":"https:\/\/www.edizioniterramarique.com\/en\/luce\/","title":{"rendered":"LUCE"},"content":{"rendered":"<p>Quando il tuo fiume possente si perde in infiniti corsi d&#8217;acqua, quando il tuo cielo si scolorisce e dimentica gli azzurri puliti e accecanti della gioia infantile, quando l&#8217;immagine riflessa allo specchio pare quella di qualcun altro, quando il tempo veste abiti fuori moda e sgualciti, quando le parole non sono pi\u00f9 poesie struggenti, ecco, quello \u00e8 il momento di addormentarsi; ma non addormentarsi per svanire, addormentarsi per vivere di nuovo!<\/p>\n<p>Stai per cadere e non hai pi\u00f9 le forze per muovere i tuoi passi stanchi, la fede nella bellezza della vita si allontana dal tuo cammino ed ogni gesto rivela la sua assurdit\u00e0 e la sua inutilit\u00e0. Ecco, all&#8217;improvviso, un raggio di luce sconfigge come un guerriero coraggioso il tuo universo freddo ed opaco. S\u00ec, ma si tratta solo di un attimo che vola via come un uccellino spaventato da un rumore improvviso.<\/p>\n<p>Come cancellare quei pensieri che ti trascinano gi\u00f9 nel profondo,\u00a0 in uno stagno melmoso nel quale ti impantani e dal quale fatichi ad uscire?<\/p>\n<p>Quale strada seguire?<\/p>\n<p>Deve pur esistere un mondo diverso da qualche parte, non so dove, ma io lo trover\u00f2.<\/p>\n<p>Il mio racconto \u00e8 solo per sognatori coraggiosi, quelli che amano\u00a0 le storie piene di fantasia e colori.<\/p>\n<p>Il sogno! Un sogno! Da qui, da un velo trasparente, nacque la storia che sto per narrare. Il mio inchiostro toccher\u00e0 gli animi di coloro che vorranno credere. S\u00ec, credere che tutto \u00e8 possibile fra mondi paralleli, mondi fratelli, anche se a volte lontani. Solo in apparenza lontani&#8230;<\/p>\n<p>Il mondo conosciuto, quello degli oggetti e della pesantezza degli stati d&#8217;animo nasconde un segreto in un cassetto la cui chiave magica viene consegnata solo a chi ha l&#8217;audacia di percorrere il ponte magico. Un ponte di luce impalpabile che ci trasporta in luoghi remoti dove i nostri cuori battono forte e sobbalzano dalla felicit\u00e0 come palloncini leggeri e colorati.<\/p>","protected":false},"excerpt":{"rendered":"<p>Quando il tuo fiume possente si perde in infiniti corsi d&#8217;acqua, quando il tuo cielo si scolorisce e dimentica gli azzurri puliti e accecanti della gioia infantile, quando l&#8217;immagine riflessa allo specchio pare quella di qualcun altro, quando il tempo veste abiti fuori moda e sgualciti, quando le parole non sono pi\u00f9 poesie struggenti, ecco, [&hellip;]<\/p>","protected":false},"author":1,"featured_media":3629,"comment_status":"closed","ping_status":"open","sticky":false,"template":"","format":"standard","meta":{"footnotes":""},"categories":[3],"tags":[],"class_list":["post-3630","post","type-post","status-publish","format-standard","has-post-thumbnail","hentry","category-news"],"yoast_head":"<!-- This site is optimized with the Yoast SEO plugin v26.9 - https:\/\/yoast.com\/product\/yoast-seo-wordpress\/ -->\n<title>LUCE &#8226; Edizioni Terra marique<\/title>\n<meta name=\"robots\" content=\"index, follow, max-snippet:-1, max-image-preview:large, max-video-preview:-1\" \/>\n<link rel=\"canonical\" href=\"https:\/\/www.edizioniterramarique.com\/en\/luce\/\" \/>\n<meta property=\"og:locale\" content=\"en_GB\" \/>\n<meta property=\"og:type\" content=\"article\" \/>\n<meta property=\"og:title\" content=\"LUCE &#8226; Edizioni Terra marique\" \/>\n<meta property=\"og:description\" content=\"Quando il tuo fiume possente si perde in infiniti corsi d&#8217;acqua, quando il tuo cielo si scolorisce e dimentica gli azzurri puliti e accecanti della gioia infantile, quando l&#8217;immagine riflessa allo specchio pare quella di qualcun altro, quando il tempo veste abiti fuori moda e sgualciti, quando le parole non sono pi\u00f9 poesie struggenti, ecco, [&hellip;]\" \/>\n<meta property=\"og:url\" content=\"https:\/\/www.edizioniterramarique.com\/en\/luce\/\" \/>\n<meta property=\"og:site_name\" content=\"Edizioni Terra marique\" \/>\n<meta property=\"article:published_time\" content=\"2021-04-06T17:15:33+00:00\" \/>\n<meta property=\"og:image\" content=\"https:\/\/www.edizioniterramarique.com\/wp-content\/uploads\/2021\/04\/Copertina-Rita-Salvadori-PER-SITO-TM.jpg\" \/>\n\t<meta property=\"og:image:width\" content=\"200\" \/>\n\t<meta property=\"og:image:height\" content=\"281\" \/>\n\t<meta property=\"og:image:type\" content=\"image\/jpeg\" \/>\n<meta name=\"author\" content=\"terramarique\" \/>\n<meta name=\"twitter:label1\" content=\"Written by\" \/>\n\t<meta name=\"twitter:data1\" content=\"terramarique\" \/>\n\t<meta name=\"twitter:label2\" content=\"Estimated reading time\" \/>\n\t<meta name=\"twitter:data2\" content=\"2 minutes\" \/>\n<script type=\"application\/ld+json\" class=\"yoast-schema-graph\">{\"@context\":\"https:\/\/schema.org\",\"@graph\":[{\"@type\":\"Article\",\"@id\":\"https:\/\/www.edizioniterramarique.com\/en\/luce\/#article\",\"isPartOf\":{\"@id\":\"https:\/\/www.edizioniterramarique.com\/en\/luce\/\"},\"author\":{\"name\":\"terramarique\",\"@id\":\"https:\/\/www.edizioniterramarique.com\/#\/schema\/person\/23151b760764010bb591159120de3824\"},\"headline\":\"LUCE\",\"datePublished\":\"2021-04-06T17:15:33+00:00\",\"mainEntityOfPage\":{\"@id\":\"https:\/\/www.edizioniterramarique.com\/en\/luce\/\"},\"wordCount\":316,\"publisher\":{\"@id\":\"https:\/\/www.edizioniterramarique.com\/#organization\"},\"image\":{\"@id\":\"https:\/\/www.edizioniterramarique.com\/en\/luce\/#primaryimage\"},\"thumbnailUrl\":\"https:\/\/www.edizioniterramarique.com\/wp-content\/uploads\/2021\/04\/Copertina-Rita-Salvadori-PER-SITO-TM.jpg\",\"articleSection\":[\"News\"],\"inLanguage\":\"en-GB\"},{\"@type\":\"WebPage\",\"@id\":\"https:\/\/www.edizioniterramarique.com\/en\/luce\/\",\"url\":\"https:\/\/www.edizioniterramarique.com\/en\/luce\/\",\"name\":\"LUCE &#8226; Edizioni Terra marique\",\"isPartOf\":{\"@id\":\"https:\/\/www.edizioniterramarique.com\/#website\"},\"primaryImageOfPage\":{\"@id\":\"https:\/\/www.edizioniterramarique.com\/en\/luce\/#primaryimage\"},\"image\":{\"@id\":\"https:\/\/www.edizioniterramarique.com\/en\/luce\/#primaryimage\"},\"thumbnailUrl\":\"https:\/\/www.edizioniterramarique.com\/wp-content\/uploads\/2021\/04\/Copertina-Rita-Salvadori-PER-SITO-TM.jpg\",\"datePublished\":\"2021-04-06T17:15:33+00:00\",\"breadcrumb\":{\"@id\":\"https:\/\/www.edizioniterramarique.com\/en\/luce\/#breadcrumb\"},\"inLanguage\":\"en-GB\",\"potentialAction\":[{\"@type\":\"ReadAction\",\"target\":[\"https:\/\/www.edizioniterramarique.com\/en\/luce\/\"]}]},{\"@type\":\"ImageObject\",\"inLanguage\":\"en-GB\",\"@id\":\"https:\/\/www.edizioniterramarique.com\/en\/luce\/#primaryimage\",\"url\":\"https:\/\/www.edizioniterramarique.com\/wp-content\/uploads\/2021\/04\/Copertina-Rita-Salvadori-PER-SITO-TM.jpg\",\"contentUrl\":\"https:\/\/www.edizioniterramarique.com\/wp-content\/uploads\/2021\/04\/Copertina-Rita-Salvadori-PER-SITO-TM.jpg\",\"width\":200,\"height\":281,\"caption\":\"Copertina Luce di Rita Salvadori\"},{\"@type\":\"BreadcrumbList\",\"@id\":\"https:\/\/www.edizioniterramarique.com\/en\/luce\/#breadcrumb\",\"itemListElement\":[{\"@type\":\"ListItem\",\"position\":1,\"name\":\"Home\",\"item\":\"https:\/\/www.edizioniterramarique.com\/\"},{\"@type\":\"ListItem\",\"position\":2,\"name\":\"LUCE\"}]},{\"@type\":\"WebSite\",\"@id\":\"https:\/\/www.edizioniterramarique.com\/#website\",\"url\":\"https:\/\/www.edizioniterramarique.com\/\",\"name\":\"Edizioni Terra marique\",\"description\":\"Edizioni Terra marique\",\"publisher\":{\"@id\":\"https:\/\/www.edizioniterramarique.com\/#organization\"},\"potentialAction\":[{\"@type\":\"SearchAction\",\"target\":{\"@type\":\"EntryPoint\",\"urlTemplate\":\"https:\/\/www.edizioniterramarique.com\/?s={search_term_string}\"},\"query-input\":{\"@type\":\"PropertyValueSpecification\",\"valueRequired\":true,\"valueName\":\"search_term_string\"}}],\"inLanguage\":\"en-GB\"},{\"@type\":\"Organization\",\"@id\":\"https:\/\/www.edizioniterramarique.com\/#organization\",\"name\":\"Edizioni Terra marique\",\"url\":\"https:\/\/www.edizioniterramarique.com\/\",\"logo\":{\"@type\":\"ImageObject\",\"inLanguage\":\"en-GB\",\"@id\":\"https:\/\/www.edizioniterramarique.com\/#\/schema\/logo\/image\/\",\"url\":\"https:\/\/www.edizioniterramarique.com\/wp-content\/uploads\/2014\/02\/logo_web1.jpg\",\"contentUrl\":\"https:\/\/www.edizioniterramarique.com\/wp-content\/uploads\/2014\/02\/logo_web1.jpg\",\"width\":200,\"height\":109,\"caption\":\"Edizioni Terra marique\"},\"image\":{\"@id\":\"https:\/\/www.edizioniterramarique.com\/#\/schema\/logo\/image\/\"}},{\"@type\":\"Person\",\"@id\":\"https:\/\/www.edizioniterramarique.com\/#\/schema\/person\/23151b760764010bb591159120de3824\",\"name\":\"terramarique\",\"url\":\"https:\/\/www.edizioniterramarique.com\/en\/author\/terramarique\/\"}]}<\/script>\n<!-- \/ Yoast SEO plugin. -->","yoast_head_json":{"title":"LUCE &#8226; Edizioni Terra marique","robots":{"index":"index","follow":"follow","max-snippet":"max-snippet:-1","max-image-preview":"max-image-preview:large","max-video-preview":"max-video-preview:-1"},"canonical":"https:\/\/www.edizioniterramarique.com\/en\/luce\/","og_locale":"en_GB","og_type":"article","og_title":"LUCE &#8226; Edizioni Terra marique","og_description":"Quando il tuo fiume possente si perde in infiniti corsi d&#8217;acqua, quando il tuo cielo si scolorisce e dimentica gli azzurri puliti e accecanti della gioia infantile, quando l&#8217;immagine riflessa allo specchio pare quella di qualcun altro, quando il tempo veste abiti fuori moda e sgualciti, quando le parole non sono pi\u00f9 poesie struggenti, ecco, [&hellip;]","og_url":"https:\/\/www.edizioniterramarique.com\/en\/luce\/","og_site_name":"Edizioni Terra marique","article_published_time":"2021-04-06T17:15:33+00:00","og_image":[{"width":200,"height":281,"url":"https:\/\/www.edizioniterramarique.com\/wp-content\/uploads\/2021\/04\/Copertina-Rita-Salvadori-PER-SITO-TM.jpg","type":"image\/jpeg"}],"author":"terramarique","twitter_misc":{"Written by":"terramarique","Estimated reading time":"2 minutes"},"schema":{"@context":"https:\/\/schema.org","@graph":[{"@type":"Article","@id":"https:\/\/www.edizioniterramarique.com\/en\/luce\/#article","isPartOf":{"@id":"https:\/\/www.edizioniterramarique.com\/en\/luce\/"},"author":{"name":"terramarique","@id":"https:\/\/www.edizioniterramarique.com\/#\/schema\/person\/23151b760764010bb591159120de3824"},"headline":"LUCE","datePublished":"2021-04-06T17:15:33+00:00","mainEntityOfPage":{"@id":"https:\/\/www.edizioniterramarique.com\/en\/luce\/"},"wordCount":316,"publisher":{"@id":"https:\/\/www.edizioniterramarique.com\/#organization"},"image":{"@id":"https:\/\/www.edizioniterramarique.com\/en\/luce\/#primaryimage"},"thumbnailUrl":"https:\/\/www.edizioniterramarique.com\/wp-content\/uploads\/2021\/04\/Copertina-Rita-Salvadori-PER-SITO-TM.jpg","articleSection":["News"],"inLanguage":"en-GB"},{"@type":"WebPage","@id":"https:\/\/www.edizioniterramarique.com\/en\/luce\/","url":"https:\/\/www.edizioniterramarique.com\/en\/luce\/","name":"LUCE &#8226; Edizioni Terra marique","isPartOf":{"@id":"https:\/\/www.edizioniterramarique.com\/#website"},"primaryImageOfPage":{"@id":"https:\/\/www.edizioniterramarique.com\/en\/luce\/#primaryimage"},"image":{"@id":"https:\/\/www.edizioniterramarique.com\/en\/luce\/#primaryimage"},"thumbnailUrl":"https:\/\/www.edizioniterramarique.com\/wp-content\/uploads\/2021\/04\/Copertina-Rita-Salvadori-PER-SITO-TM.jpg","datePublished":"2021-04-06T17:15:33+00:00","breadcrumb":{"@id":"https:\/\/www.edizioniterramarique.com\/en\/luce\/#breadcrumb"},"inLanguage":"en-GB","potentialAction":[{"@type":"ReadAction","target":["https:\/\/www.edizioniterramarique.com\/en\/luce\/"]}]},{"@type":"ImageObject","inLanguage":"en-GB","@id":"https:\/\/www.edizioniterramarique.com\/en\/luce\/#primaryimage","url":"https:\/\/www.edizioniterramarique.com\/wp-content\/uploads\/2021\/04\/Copertina-Rita-Salvadori-PER-SITO-TM.jpg","contentUrl":"https:\/\/www.edizioniterramarique.com\/wp-content\/uploads\/2021\/04\/Copertina-Rita-Salvadori-PER-SITO-TM.jpg","width":200,"height":281,"caption":"Copertina Luce di Rita Salvadori"},{"@type":"BreadcrumbList","@id":"https:\/\/www.edizioniterramarique.com\/en\/luce\/#breadcrumb","itemListElement":[{"@type":"ListItem","position":1,"name":"Home","item":"https:\/\/www.edizioniterramarique.com\/"},{"@type":"ListItem","position":2,"name":"LUCE"}]},{"@type":"WebSite","@id":"https:\/\/www.edizioniterramarique.com\/#website","url":"https:\/\/www.edizioniterramarique.com\/","name":"Edizioni Terra marique","description":"Edizioni Terra marique","publisher":{"@id":"https:\/\/www.edizioniterramarique.com\/#organization"},"potentialAction":[{"@type":"SearchAction","target":{"@type":"EntryPoint","urlTemplate":"https:\/\/www.edizioniterramarique.com\/?s={search_term_string}"},"query-input":{"@type":"PropertyValueSpecification","valueRequired":true,"valueName":"search_term_string"}}],"inLanguage":"en-GB"},{"@type":"Organization","@id":"https:\/\/www.edizioniterramarique.com\/#organization","name":"Edizioni Terra marique","url":"https:\/\/www.edizioniterramarique.com\/","logo":{"@type":"ImageObject","inLanguage":"en-GB","@id":"https:\/\/www.edizioniterramarique.com\/#\/schema\/logo\/image\/","url":"https:\/\/www.edizioniterramarique.com\/wp-content\/uploads\/2014\/02\/logo_web1.jpg","contentUrl":"https:\/\/www.edizioniterramarique.com\/wp-content\/uploads\/2014\/02\/logo_web1.jpg","width":200,"height":109,"caption":"Edizioni Terra marique"},"image":{"@id":"https:\/\/www.edizioniterramarique.com\/#\/schema\/logo\/image\/"}},{"@type":"Person","@id":"https:\/\/www.edizioniterramarique.com\/#\/schema\/person\/23151b760764010bb591159120de3824","name":"terramarique","url":"https:\/\/www.edizioniterramarique.com\/en\/author\/terramarique\/"}]}},"_links":{"self":[{"href":"https:\/\/www.edizioniterramarique.com\/en\/wp-json\/wp\/v2\/posts\/3630","targetHints":{"allow":["GET"]}}],"collection":[{"href":"https:\/\/www.edizioniterramarique.com\/en\/wp-json\/wp\/v2\/posts"}],"about":[{"href":"https:\/\/www.edizioniterramarique.com\/en\/wp-json\/wp\/v2\/types\/post"}],"author":[{"embeddable":true,"href":"https:\/\/www.edizioniterramarique.com\/en\/wp-json\/wp\/v2\/users\/1"}],"replies":[{"embeddable":true,"href":"https:\/\/www.edizioniterramarique.com\/en\/wp-json\/wp\/v2\/comments?post=3630"}],"version-history":[{"count":1,"href":"https:\/\/www.edizioniterramarique.com\/en\/wp-json\/wp\/v2\/posts\/3630\/revisions"}],"predecessor-version":[{"id":3631,"href":"https:\/\/www.edizioniterramarique.com\/en\/wp-json\/wp\/v2\/posts\/3630\/revisions\/3631"}],"wp:featuredmedia":[{"embeddable":true,"href":"https:\/\/www.edizioniterramarique.com\/en\/wp-json\/wp\/v2\/media\/3629"}],"wp:attachment":[{"href":"https:\/\/www.edizioniterramarique.com\/en\/wp-json\/wp\/v2\/media?parent=3630"}],"wp:term":[{"taxonomy":"category","embeddable":true,"href":"https:\/\/www.edizioniterramarique.com\/en\/wp-json\/wp\/v2\/categories?post=3630"},{"taxonomy":"post_tag","embeddable":true,"href":"https:\/\/www.edizioniterramarique.com\/en\/wp-json\/wp\/v2\/tags?post=3630"}],"curies":[{"name":"wp","href":"https:\/\/api.w.org\/{rel}","templated":true}]}}