{"id":3342,"date":"2019-12-02T21:39:05","date_gmt":"2019-12-02T20:39:05","guid":{"rendered":"https:\/\/www.edizioniterramarique.com\/?p=3342"},"modified":"2019-12-02T21:39:05","modified_gmt":"2019-12-02T20:39:05","slug":"le-tre-chiavi-il-mio-calcio","status":"publish","type":"post","link":"https:\/\/www.edizioniterramarique.com\/en\/le-tre-chiavi-il-mio-calcio\/","title":{"rendered":"LE TRE CHIAVI &#8211; IL MIO CALCIO"},"content":{"rendered":"<p>L\u2019idea di scrivere un libro l\u2019avevo gi\u00e0 fatta mia quattro o cinque anni fa, salvo poi abbandonare il progetto.<\/p>\n<p>In realt\u00e0 avrei voluto scrivere un eserciziario diviso per obiettivi e fasce di et\u00e0.<\/p>\n<p>Lungo la strada mi sono per\u00f2 accorto dell\u2019inutilit\u00e0 della cosa. Io stesso ne ho comprati alcuni, salvo poi non guardarli o interessarmene marginalmente. Ho sempre preferito l\u2019approccio diretto, la visione sul campo e lo scambio di idee, magari al tavolino di un bar, appena finito l\u2019allenamento. Chiunque allena e lo fa in modo serio, sarebbe interessato s\u00ec a vedere un eserciziario, ma giusto per dare un occhio a quello che fanno gli altri, prendendone magari il 5 per cento, perch\u00e9 noi allenatori siamo fondamentalmente presuntuosi.<\/p>\n<p>Scrivere in prima persona la considero una cosa diversa: questa biografia non mi \u00e8 costata n\u00e9 tempo n\u00e9 voglia. \u00c8 stato come accendere una luce su quello che \u00e8 stato il mio percorso, tra societ\u00e0 dilettantistiche e professionistiche, in mezzo alle difficolt\u00e0 di tutti i giorni, conditi anche da qualche aneddoto.<\/p>\n<p>Cercavo qualcosa che potesse rimanere nero su bianco sia per me che per gli addetti ai lavori, per cui ho deciso di descrivere i miei primi quindici anni di carriera tra le mille difficolt\u00e0, i pregiudizi e le disavventure, in cui si imbatte chiunque si cimenti in questa professione in ambito dilettantistico.<\/p>\n<p>Ho preferito il racconto della mia storia rispetto a un banale eserciziario, come a dire \u201cquesta \u00e8 la mia vita\u201d.<\/p>\n<p>Lo dovevo ad alcune persone che mi hanno indirizzato e supportato e lo dovevo anche a me stesso, in modo che un giorno, quando smetter\u00f2, qualcosa rimanga anche a me, dopo anni passati a insegnare agli altri.<\/p>\n<p style=\"text-align: right;\"><strong>\u00a0<\/strong><strong>Andrea Parenti<\/strong><\/p>\n<p>&nbsp;<\/p>\n<p>&nbsp;<\/p>\n<p>&nbsp;<\/p>\n<p>&nbsp;<\/p>\n<p>&nbsp;<\/p>\n<p>&nbsp;<\/p>\n<p>&nbsp;<\/p>\n<p>&nbsp;<\/p>","protected":false},"excerpt":{"rendered":"<p>L\u2019idea di scrivere un libro l\u2019avevo gi\u00e0 fatta mia quattro o cinque anni fa, salvo poi abbandonare il progetto. In realt\u00e0 avrei voluto scrivere un eserciziario diviso per obiettivi e fasce di et\u00e0. Lungo la strada mi sono per\u00f2 accorto dell\u2019inutilit\u00e0 della cosa. Io stesso ne ho comprati alcuni, salvo poi non guardarli o interessarmene [&hellip;]<\/p>","protected":false},"author":1,"featured_media":3341,"comment_status":"closed","ping_status":"open","sticky":false,"template":"","format":"standard","meta":{"footnotes":""},"categories":[3],"tags":[],"class_list":["post-3342","post","type-post","status-publish","format-standard","has-post-thumbnail","hentry","category-news"],"yoast_head":"<!-- This site is optimized with the Yoast SEO plugin v26.9 - https:\/\/yoast.com\/product\/yoast-seo-wordpress\/ -->\n<title>LE TRE CHIAVI - IL MIO CALCIO &#8226; Edizioni Terra marique<\/title>\n<meta name=\"robots\" content=\"index, follow, max-snippet:-1, max-image-preview:large, max-video-preview:-1\" \/>\n<link rel=\"canonical\" href=\"https:\/\/www.edizioniterramarique.com\/en\/le-tre-chiavi-il-mio-calcio\/\" \/>\n<meta property=\"og:locale\" content=\"en_GB\" \/>\n<meta property=\"og:type\" content=\"article\" \/>\n<meta property=\"og:title\" content=\"LE TRE CHIAVI - IL MIO CALCIO &#8226; Edizioni Terra marique\" \/>\n<meta property=\"og:description\" content=\"L\u2019idea di scrivere un libro l\u2019avevo gi\u00e0 fatta mia quattro o cinque anni fa, salvo poi abbandonare il progetto. In realt\u00e0 avrei voluto scrivere un eserciziario diviso per obiettivi e fasce di et\u00e0. Lungo la strada mi sono per\u00f2 accorto dell\u2019inutilit\u00e0 della cosa. Io stesso ne ho comprati alcuni, salvo poi non guardarli o interessarmene [&hellip;]\" \/>\n<meta property=\"og:url\" content=\"https:\/\/www.edizioniterramarique.com\/en\/le-tre-chiavi-il-mio-calcio\/\" \/>\n<meta property=\"og:site_name\" content=\"Edizioni Terra marique\" \/>\n<meta property=\"article:published_time\" content=\"2019-12-02T20:39:05+00:00\" \/>\n<meta property=\"og:image\" content=\"https:\/\/www.edizioniterramarique.com\/wp-content\/uploads\/2019\/12\/Le-tre-chiavi-copertina-PER-SITO-TM.jpg\" \/>\n\t<meta property=\"og:image:width\" content=\"200\" \/>\n\t<meta property=\"og:image:height\" content=\"279\" \/>\n\t<meta property=\"og:image:type\" content=\"image\/jpeg\" \/>\n<meta name=\"author\" content=\"terramarique\" \/>\n<meta name=\"twitter:label1\" content=\"Written by\" \/>\n\t<meta name=\"twitter:data1\" content=\"terramarique\" \/>\n\t<meta name=\"twitter:label2\" content=\"Estimated reading time\" \/>\n\t<meta name=\"twitter:data2\" content=\"1 minute\" \/>\n<script type=\"application\/ld+json\" class=\"yoast-schema-graph\">{\"@context\":\"https:\/\/schema.org\",\"@graph\":[{\"@type\":\"Article\",\"@id\":\"https:\/\/www.edizioniterramarique.com\/en\/le-tre-chiavi-il-mio-calcio\/#article\",\"isPartOf\":{\"@id\":\"https:\/\/www.edizioniterramarique.com\/en\/le-tre-chiavi-il-mio-calcio\/\"},\"author\":{\"name\":\"terramarique\",\"@id\":\"https:\/\/www.edizioniterramarique.com\/#\/schema\/person\/23151b760764010bb591159120de3824\"},\"headline\":\"LE TRE CHIAVI &#8211; IL MIO CALCIO\",\"datePublished\":\"2019-12-02T20:39:05+00:00\",\"mainEntityOfPage\":{\"@id\":\"https:\/\/www.edizioniterramarique.com\/en\/le-tre-chiavi-il-mio-calcio\/\"},\"wordCount\":295,\"publisher\":{\"@id\":\"https:\/\/www.edizioniterramarique.com\/#organization\"},\"image\":{\"@id\":\"https:\/\/www.edizioniterramarique.com\/en\/le-tre-chiavi-il-mio-calcio\/#primaryimage\"},\"thumbnailUrl\":\"https:\/\/www.edizioniterramarique.com\/wp-content\/uploads\/2019\/12\/Le-tre-chiavi-copertina-PER-SITO-TM.jpg\",\"articleSection\":[\"News\"],\"inLanguage\":\"en-GB\"},{\"@type\":\"WebPage\",\"@id\":\"https:\/\/www.edizioniterramarique.com\/en\/le-tre-chiavi-il-mio-calcio\/\",\"url\":\"https:\/\/www.edizioniterramarique.com\/en\/le-tre-chiavi-il-mio-calcio\/\",\"name\":\"LE TRE CHIAVI - IL MIO CALCIO &#8226; Edizioni Terra marique\",\"isPartOf\":{\"@id\":\"https:\/\/www.edizioniterramarique.com\/#website\"},\"primaryImageOfPage\":{\"@id\":\"https:\/\/www.edizioniterramarique.com\/en\/le-tre-chiavi-il-mio-calcio\/#primaryimage\"},\"image\":{\"@id\":\"https:\/\/www.edizioniterramarique.com\/en\/le-tre-chiavi-il-mio-calcio\/#primaryimage\"},\"thumbnailUrl\":\"https:\/\/www.edizioniterramarique.com\/wp-content\/uploads\/2019\/12\/Le-tre-chiavi-copertina-PER-SITO-TM.jpg\",\"datePublished\":\"2019-12-02T20:39:05+00:00\",\"breadcrumb\":{\"@id\":\"https:\/\/www.edizioniterramarique.com\/en\/le-tre-chiavi-il-mio-calcio\/#breadcrumb\"},\"inLanguage\":\"en-GB\",\"potentialAction\":[{\"@type\":\"ReadAction\",\"target\":[\"https:\/\/www.edizioniterramarique.com\/en\/le-tre-chiavi-il-mio-calcio\/\"]}]},{\"@type\":\"ImageObject\",\"inLanguage\":\"en-GB\",\"@id\":\"https:\/\/www.edizioniterramarique.com\/en\/le-tre-chiavi-il-mio-calcio\/#primaryimage\",\"url\":\"https:\/\/www.edizioniterramarique.com\/wp-content\/uploads\/2019\/12\/Le-tre-chiavi-copertina-PER-SITO-TM.jpg\",\"contentUrl\":\"https:\/\/www.edizioniterramarique.com\/wp-content\/uploads\/2019\/12\/Le-tre-chiavi-copertina-PER-SITO-TM.jpg\",\"width\":200,\"height\":279,\"caption\":\"Copertina Le tre chiavi\"},{\"@type\":\"BreadcrumbList\",\"@id\":\"https:\/\/www.edizioniterramarique.com\/en\/le-tre-chiavi-il-mio-calcio\/#breadcrumb\",\"itemListElement\":[{\"@type\":\"ListItem\",\"position\":1,\"name\":\"Home\",\"item\":\"https:\/\/www.edizioniterramarique.com\/\"},{\"@type\":\"ListItem\",\"position\":2,\"name\":\"LE TRE CHIAVI &#8211; IL MIO CALCIO\"}]},{\"@type\":\"WebSite\",\"@id\":\"https:\/\/www.edizioniterramarique.com\/#website\",\"url\":\"https:\/\/www.edizioniterramarique.com\/\",\"name\":\"Edizioni Terra marique\",\"description\":\"Edizioni Terra marique\",\"publisher\":{\"@id\":\"https:\/\/www.edizioniterramarique.com\/#organization\"},\"potentialAction\":[{\"@type\":\"SearchAction\",\"target\":{\"@type\":\"EntryPoint\",\"urlTemplate\":\"https:\/\/www.edizioniterramarique.com\/?s={search_term_string}\"},\"query-input\":{\"@type\":\"PropertyValueSpecification\",\"valueRequired\":true,\"valueName\":\"search_term_string\"}}],\"inLanguage\":\"en-GB\"},{\"@type\":\"Organization\",\"@id\":\"https:\/\/www.edizioniterramarique.com\/#organization\",\"name\":\"Edizioni Terra marique\",\"url\":\"https:\/\/www.edizioniterramarique.com\/\",\"logo\":{\"@type\":\"ImageObject\",\"inLanguage\":\"en-GB\",\"@id\":\"https:\/\/www.edizioniterramarique.com\/#\/schema\/logo\/image\/\",\"url\":\"https:\/\/www.edizioniterramarique.com\/wp-content\/uploads\/2014\/02\/logo_web1.jpg\",\"contentUrl\":\"https:\/\/www.edizioniterramarique.com\/wp-content\/uploads\/2014\/02\/logo_web1.jpg\",\"width\":200,\"height\":109,\"caption\":\"Edizioni Terra marique\"},\"image\":{\"@id\":\"https:\/\/www.edizioniterramarique.com\/#\/schema\/logo\/image\/\"}},{\"@type\":\"Person\",\"@id\":\"https:\/\/www.edizioniterramarique.com\/#\/schema\/person\/23151b760764010bb591159120de3824\",\"name\":\"terramarique\",\"url\":\"https:\/\/www.edizioniterramarique.com\/en\/author\/terramarique\/\"}]}<\/script>\n<!-- \/ Yoast SEO plugin. -->","yoast_head_json":{"title":"LE TRE CHIAVI - IL MIO CALCIO &#8226; Edizioni Terra marique","robots":{"index":"index","follow":"follow","max-snippet":"max-snippet:-1","max-image-preview":"max-image-preview:large","max-video-preview":"max-video-preview:-1"},"canonical":"https:\/\/www.edizioniterramarique.com\/en\/le-tre-chiavi-il-mio-calcio\/","og_locale":"en_GB","og_type":"article","og_title":"LE TRE CHIAVI - IL MIO CALCIO &#8226; Edizioni Terra marique","og_description":"L\u2019idea di scrivere un libro l\u2019avevo gi\u00e0 fatta mia quattro o cinque anni fa, salvo poi abbandonare il progetto. In realt\u00e0 avrei voluto scrivere un eserciziario diviso per obiettivi e fasce di et\u00e0. Lungo la strada mi sono per\u00f2 accorto dell\u2019inutilit\u00e0 della cosa. Io stesso ne ho comprati alcuni, salvo poi non guardarli o interessarmene [&hellip;]","og_url":"https:\/\/www.edizioniterramarique.com\/en\/le-tre-chiavi-il-mio-calcio\/","og_site_name":"Edizioni Terra marique","article_published_time":"2019-12-02T20:39:05+00:00","og_image":[{"width":200,"height":279,"url":"https:\/\/www.edizioniterramarique.com\/wp-content\/uploads\/2019\/12\/Le-tre-chiavi-copertina-PER-SITO-TM.jpg","type":"image\/jpeg"}],"author":"terramarique","twitter_misc":{"Written by":"terramarique","Estimated reading time":"1 minute"},"schema":{"@context":"https:\/\/schema.org","@graph":[{"@type":"Article","@id":"https:\/\/www.edizioniterramarique.com\/en\/le-tre-chiavi-il-mio-calcio\/#article","isPartOf":{"@id":"https:\/\/www.edizioniterramarique.com\/en\/le-tre-chiavi-il-mio-calcio\/"},"author":{"name":"terramarique","@id":"https:\/\/www.edizioniterramarique.com\/#\/schema\/person\/23151b760764010bb591159120de3824"},"headline":"LE TRE CHIAVI &#8211; IL MIO CALCIO","datePublished":"2019-12-02T20:39:05+00:00","mainEntityOfPage":{"@id":"https:\/\/www.edizioniterramarique.com\/en\/le-tre-chiavi-il-mio-calcio\/"},"wordCount":295,"publisher":{"@id":"https:\/\/www.edizioniterramarique.com\/#organization"},"image":{"@id":"https:\/\/www.edizioniterramarique.com\/en\/le-tre-chiavi-il-mio-calcio\/#primaryimage"},"thumbnailUrl":"https:\/\/www.edizioniterramarique.com\/wp-content\/uploads\/2019\/12\/Le-tre-chiavi-copertina-PER-SITO-TM.jpg","articleSection":["News"],"inLanguage":"en-GB"},{"@type":"WebPage","@id":"https:\/\/www.edizioniterramarique.com\/en\/le-tre-chiavi-il-mio-calcio\/","url":"https:\/\/www.edizioniterramarique.com\/en\/le-tre-chiavi-il-mio-calcio\/","name":"LE TRE CHIAVI - IL MIO CALCIO &#8226; Edizioni Terra marique","isPartOf":{"@id":"https:\/\/www.edizioniterramarique.com\/#website"},"primaryImageOfPage":{"@id":"https:\/\/www.edizioniterramarique.com\/en\/le-tre-chiavi-il-mio-calcio\/#primaryimage"},"image":{"@id":"https:\/\/www.edizioniterramarique.com\/en\/le-tre-chiavi-il-mio-calcio\/#primaryimage"},"thumbnailUrl":"https:\/\/www.edizioniterramarique.com\/wp-content\/uploads\/2019\/12\/Le-tre-chiavi-copertina-PER-SITO-TM.jpg","datePublished":"2019-12-02T20:39:05+00:00","breadcrumb":{"@id":"https:\/\/www.edizioniterramarique.com\/en\/le-tre-chiavi-il-mio-calcio\/#breadcrumb"},"inLanguage":"en-GB","potentialAction":[{"@type":"ReadAction","target":["https:\/\/www.edizioniterramarique.com\/en\/le-tre-chiavi-il-mio-calcio\/"]}]},{"@type":"ImageObject","inLanguage":"en-GB","@id":"https:\/\/www.edizioniterramarique.com\/en\/le-tre-chiavi-il-mio-calcio\/#primaryimage","url":"https:\/\/www.edizioniterramarique.com\/wp-content\/uploads\/2019\/12\/Le-tre-chiavi-copertina-PER-SITO-TM.jpg","contentUrl":"https:\/\/www.edizioniterramarique.com\/wp-content\/uploads\/2019\/12\/Le-tre-chiavi-copertina-PER-SITO-TM.jpg","width":200,"height":279,"caption":"Copertina Le tre chiavi"},{"@type":"BreadcrumbList","@id":"https:\/\/www.edizioniterramarique.com\/en\/le-tre-chiavi-il-mio-calcio\/#breadcrumb","itemListElement":[{"@type":"ListItem","position":1,"name":"Home","item":"https:\/\/www.edizioniterramarique.com\/"},{"@type":"ListItem","position":2,"name":"LE TRE CHIAVI &#8211; IL MIO CALCIO"}]},{"@type":"WebSite","@id":"https:\/\/www.edizioniterramarique.com\/#website","url":"https:\/\/www.edizioniterramarique.com\/","name":"Edizioni Terra marique","description":"Edizioni Terra marique","publisher":{"@id":"https:\/\/www.edizioniterramarique.com\/#organization"},"potentialAction":[{"@type":"SearchAction","target":{"@type":"EntryPoint","urlTemplate":"https:\/\/www.edizioniterramarique.com\/?s={search_term_string}"},"query-input":{"@type":"PropertyValueSpecification","valueRequired":true,"valueName":"search_term_string"}}],"inLanguage":"en-GB"},{"@type":"Organization","@id":"https:\/\/www.edizioniterramarique.com\/#organization","name":"Edizioni Terra marique","url":"https:\/\/www.edizioniterramarique.com\/","logo":{"@type":"ImageObject","inLanguage":"en-GB","@id":"https:\/\/www.edizioniterramarique.com\/#\/schema\/logo\/image\/","url":"https:\/\/www.edizioniterramarique.com\/wp-content\/uploads\/2014\/02\/logo_web1.jpg","contentUrl":"https:\/\/www.edizioniterramarique.com\/wp-content\/uploads\/2014\/02\/logo_web1.jpg","width":200,"height":109,"caption":"Edizioni Terra marique"},"image":{"@id":"https:\/\/www.edizioniterramarique.com\/#\/schema\/logo\/image\/"}},{"@type":"Person","@id":"https:\/\/www.edizioniterramarique.com\/#\/schema\/person\/23151b760764010bb591159120de3824","name":"terramarique","url":"https:\/\/www.edizioniterramarique.com\/en\/author\/terramarique\/"}]}},"_links":{"self":[{"href":"https:\/\/www.edizioniterramarique.com\/en\/wp-json\/wp\/v2\/posts\/3342","targetHints":{"allow":["GET"]}}],"collection":[{"href":"https:\/\/www.edizioniterramarique.com\/en\/wp-json\/wp\/v2\/posts"}],"about":[{"href":"https:\/\/www.edizioniterramarique.com\/en\/wp-json\/wp\/v2\/types\/post"}],"author":[{"embeddable":true,"href":"https:\/\/www.edizioniterramarique.com\/en\/wp-json\/wp\/v2\/users\/1"}],"replies":[{"embeddable":true,"href":"https:\/\/www.edizioniterramarique.com\/en\/wp-json\/wp\/v2\/comments?post=3342"}],"version-history":[{"count":1,"href":"https:\/\/www.edizioniterramarique.com\/en\/wp-json\/wp\/v2\/posts\/3342\/revisions"}],"predecessor-version":[{"id":3343,"href":"https:\/\/www.edizioniterramarique.com\/en\/wp-json\/wp\/v2\/posts\/3342\/revisions\/3343"}],"wp:featuredmedia":[{"embeddable":true,"href":"https:\/\/www.edizioniterramarique.com\/en\/wp-json\/wp\/v2\/media\/3341"}],"wp:attachment":[{"href":"https:\/\/www.edizioniterramarique.com\/en\/wp-json\/wp\/v2\/media?parent=3342"}],"wp:term":[{"taxonomy":"category","embeddable":true,"href":"https:\/\/www.edizioniterramarique.com\/en\/wp-json\/wp\/v2\/categories?post=3342"},{"taxonomy":"post_tag","embeddable":true,"href":"https:\/\/www.edizioniterramarique.com\/en\/wp-json\/wp\/v2\/tags?post=3342"}],"curies":[{"name":"wp","href":"https:\/\/api.w.org\/{rel}","templated":true}]}}